{"id":7571,"date":"2025-07-04T14:05:02","date_gmt":"2025-07-04T13:05:02","guid":{"rendered":"https:\/\/judc-fr.ch\/2025\/07\/04\/la-securite-par-la-soumission-non-merci\/"},"modified":"2025-07-10T13:12:56","modified_gmt":"2025-07-10T12:12:56","slug":"la-securite-par-la-soumission-non-merci","status":"publish","type":"post","link":"https:\/\/judc-fr.ch\/de\/2025\/07\/04\/la-securite-par-la-soumission-non-merci\/","title":{"rendered":"Sicherheit durch Unterwerfung? Nein danke!"},"content":{"rendered":"<p>Damit wir uns nicht t\u00e4uschen: Hinter den beruhigenden Worten \"unverbindliche Partnerschaft\" oder \"technische Koordination\" handelt es sich tats\u00e4chlich um einen ersten Schritt in Richtung einer Integration unserer milit\u00e4rischen Verteidigung in Europa. Ein Europa, das, wie wir uns erinnern, immer st\u00e4rker auf die NATO und die strategischen Interessen der Gro\u00dfm\u00e4chte ausgerichtet ist. Sich an seinen R\u00fcstungsprojekten zu beteiligen und mit seinen St\u00e4ben zusammenzuarbeiten, bedeutet letztlich auch, die politischen Entscheidungen mitzutragen. Und das darf die Schweiz nicht zulassen.<\/p>\n<p><b>Die Schweiz muss ihre Verteidigung st\u00e4rken und nicht an ein von der NATO bevormundetes Europa delegieren<\/b><\/p>\n<p>Die Neutralit\u00e4t ist kein diplomatisches Ornament, das bei Gedenkfeiern wie eine Troph\u00e4e hervorgeholt wird. Sie ist vielmehr ein Grundpfeiler unserer Souver\u00e4nit\u00e4t. Sie erm\u00f6glicht es uns, uns aus Konflikten herauszuhalten, eine glaubw\u00fcrdige Vermittlerrolle zu spielen und vor allem nicht unter den Folgen von Kriegen zu leiden, die nicht unsere eigenen sind. Sich ihr auch nur teilweise zu entziehen, bedeutet, das Risiko einzugehen, die Schweiz zu einem potenziellen Angriffsziel zu machen. Es bedeutet, unsere politische und milit\u00e4rische Unabh\u00e4ngigkeit zu verlieren, w\u00e4hrend wir unser veraltetes Verteidigungssystem unbedingt st\u00e4rken m\u00fcssen.<\/p>\n<p><b>Hinter einer angeblich \"technischen\" Partnerschaft verbirgt sich eine gef\u00e4hrliche Verw\u00e4sserung unserer milit\u00e4rischen Souver\u00e4nit\u00e4t.<\/b><\/p>\n<p>Man wird uns sagen, dass sich die Welt ver\u00e4ndert hat und die Sicherheit nunmehr Zusammenarbeit erfordert. Aber diese \"Man muss sich eben anpassen\"-Rhetorik hat es in sich: Mit genau derselben Rhetorik wurde 1992 versucht, uns zum Beitritt zum EWR zu bewegen, und morgen sollen wir uns beugen, um in die EU einzutreten.<\/p>\n<p>Es ist nicht an Br\u00fcssel, unsere Verteidigungspolitik zu diktieren, und es ist nicht an einer technokratischen Regierung, unsere Neutralit\u00e4t gegen ein paar Sitze an einem Tisch einzutauschen, auf den die Schweiz keinen Einfluss hat.<\/p>\n<p>Es liegt an uns B\u00fcrgern, unserer Verbundenheit mit der Neutralit\u00e4t Geh\u00f6r zu verschaffen und daran zu erinnern, dass dieses Prinzip nicht verhandelbar ist. Bekr\u00e4ftigen wir laut und deutlich, dass die Sicherheit der Schweiz nicht durch eine milit\u00e4rische Abh\u00e4ngigkeit vom Ausland gew\u00e4hrleistet werden kann. Seien wir stolz auf unsere Neutralit\u00e4t und sch\u00fctzen wir unsere Unabh\u00e4ngigkeit.<\/p>","protected":false},"excerpt":{"rendered":"<p>Qu\u2019on ne s\u2019y trompe pas\u00a0: derri\u00e8re les mots rassurants de \u00ab\u00a0partenariat non contraignant\u00a0\u00bb ou de \u00ab\u00a0coordination technique\u00a0\u00bb, il s\u2019agit bel et bien d\u2019un premier pas vers une int\u00e9gration de notre d\u00e9fense militaire \u00e0 l\u2019Europe. Une Europe qui, rappelons-le, est de [&hellip;]<\/p>\n","protected":false},"author":1,"featured_media":0,"comment_status":"closed","ping_status":"open","sticky":false,"template":"","format":"standard","meta":{"footnotes":""},"categories":[1],"tags":[],"class_list":["post-7571","post","type-post","status-publish","format-standard","hentry","category-unkategorisiert"],"_links":{"self":[{"href":"https:\/\/judc-fr.ch\/de\/wp-json\/wp\/v2\/posts\/7571","targetHints":{"allow":["GET"]}}],"collection":[{"href":"https:\/\/judc-fr.ch\/de\/wp-json\/wp\/v2\/posts"}],"about":[{"href":"https:\/\/judc-fr.ch\/de\/wp-json\/wp\/v2\/types\/post"}],"author":[{"embeddable":true,"href":"https:\/\/judc-fr.ch\/de\/wp-json\/wp\/v2\/users\/1"}],"replies":[{"embeddable":true,"href":"https:\/\/judc-fr.ch\/de\/wp-json\/wp\/v2\/comments?post=7571"}],"version-history":[{"count":1,"href":"https:\/\/judc-fr.ch\/de\/wp-json\/wp\/v2\/posts\/7571\/revisions"}],"predecessor-version":[{"id":7598,"href":"https:\/\/judc-fr.ch\/de\/wp-json\/wp\/v2\/posts\/7571\/revisions\/7598"}],"wp:attachment":[{"href":"https:\/\/judc-fr.ch\/de\/wp-json\/wp\/v2\/media?parent=7571"}],"wp:term":[{"taxonomy":"category","embeddable":true,"href":"https:\/\/judc-fr.ch\/de\/wp-json\/wp\/v2\/categories?post=7571"},{"taxonomy":"post_tag","embeddable":true,"href":"https:\/\/judc-fr.ch\/de\/wp-json\/wp\/v2\/tags?post=7571"}],"curies":[{"name":"wp","href":"https:\/\/api.w.org\/{rel}","templated":true}]}}